{"id":200,"date":"2022-07-06T17:45:50","date_gmt":"2022-07-06T20:45:50","guid":{"rendered":"https:\/\/unimedmaisqueumplano.com.br\/blog\/?p=200"},"modified":"2022-09-16T10:29:53","modified_gmt":"2022-09-16T13:29:53","slug":"dicas-saude-mental","status":"publish","type":"post","link":"https:\/\/unimedmaisqueumplano.com.br\/blog\/saude-e-bem-estar\/dicas-saude-mental\/","title":{"rendered":"5 dicas para manter a sa\u00fade mental em dia"},"content":{"rendered":"<p><span style=\"font-weight: 400;\">Voc\u00ea j\u00e1 parou para pensar como anda sua sa\u00fade mental? Esse \u00e9 o tipo de pergunta que muitas pessoas n\u00e3o saberiam responder por deixarem o assunto de lado.<\/span><\/p>\n<p><span style=\"font-weight: 400;\">Cansa\u00e7o excessivo, ins\u00f4nia, altera\u00e7\u00e3o no apetite e no humor, irritabilidade e tristeza profunda podem ser <\/span><b>sinais de que algo n\u00e3o est\u00e1 certo com a sua sa\u00fade mental<\/b><span style=\"font-weight: 400;\">.<\/span><\/p>\n<p><span style=\"font-weight: 400;\">Com a Pandemia do Covid-19 e o isolamento for\u00e7ado, muitos foram aqueles que voltaram o olhar para a quest\u00e3o da sa\u00fade mental, buscando maneiras de alinhar<\/span><b> quest\u00f5es emocionais, qualidade de vida e bem-estar<\/b><span style=\"font-weight: 400;\">.<\/span><\/p>\n<p><span style=\"font-weight: 400;\">Neste artigo mostraremos a voc\u00ea <\/span><b>como cuidar da sa\u00fade da sua mente<\/b><span style=\"font-weight: 400;\"> pode ser mais tang\u00edvel e poss\u00edvel do que se pensa.\u00a0<\/span><\/p>\n<p><span style=\"font-weight: 400;\">Com estas 5 dicas que podem ser inclu\u00eddas em sua rotina di\u00e1ria e trazerem in\u00fameros<\/span><b> benef\u00edcios para sua vida<\/b><span style=\"font-weight: 400;\">.<\/span><\/p>\n<p>&nbsp;<\/p>\n<p><span style=\"font-weight: 400;\">Fa\u00e7a uma boa leitura e conhe\u00e7a mais sobre o assunto!<\/span><\/p>\n<p>&nbsp;<\/p>\n<h2><b>O que \u00e9 sa\u00fade mental?<\/b><\/h2>\n<p><span style=\"font-weight: 400;\">Segundo os especialistas, o termo sa\u00fade mental \u00e9 utilizado para definir tudo o que envolve o bem-estar psicol\u00f3gico, podendo afetar as mais diversas a\u00e7\u00f5es no dia a dia.<\/span><\/p>\n<p><span style=\"font-weight: 400;\">Uma boa qualidade de vida est\u00e1 relacionada ao equil\u00edbrio entre a sa\u00fade mental e f\u00edsica, tendo ambas fortes liga\u00e7\u00f5es com h\u00e1bitos saud\u00e1veis, pr\u00e1ticas de exerc\u00edcios f\u00edsicos, boa alimenta\u00e7\u00e3o, autocuidado e uma rede especializada de apoio.<\/span><\/p>\n<p><span style=\"font-weight: 400;\">Dentre os principais problemas ligados a uma car\u00eancia de cuidado com a sa\u00fade, est\u00e3o a ansiedade e a depress\u00e3o, tendo, segundo o \u00faltimo relat\u00f3rio cient\u00edfico da <\/span><a href=\"https:\/\/www.who.int\/publications\/i\/item\/9789240051157\"><b>Organiza\u00e7\u00e3o Mundial da Sa\u00fade<\/b><\/a><span style=\"font-weight: 400;\"> (OMS), um aumento consider\u00e1vel de 25% de casos ainda no primeiro ano da pandemia.<\/span><\/p>\n<p>&nbsp;<\/p>\n<h2><b>Dicas para manter a sa\u00fade mental sempre em dia<\/b><\/h2>\n<p><span style=\"font-weight: 400;\">Saber como alinhar a correria do dia a dia com pr\u00e1ticas que trazem benef\u00edcios para nosso corpo e mente deve se tornar um h\u00e1bito.<\/span><\/p>\n<p><span style=\"font-weight: 400;\">Convidamos voc\u00ea a dar o primeiro passo para ter uma mente saud\u00e1vel.\u00a0<\/span><\/p>\n<p><span style=\"font-weight: 400;\">Confira <\/span><b>5 dicas para te auxiliar neste processo.\u00a0<\/b><\/p>\n<p>&nbsp;<\/p>\n<div id=\"attachment_201\" style=\"width: 1034px\" class=\"wp-caption aligncenter\"><img loading=\"lazy\" decoding=\"async\" aria-describedby=\"caption-attachment-201\" class=\"wp-image-201 size-large\" title=\"Mulher se alimento de forma saud\u00e1vel\" src=\"https:\/\/unimedmaisqueumplano.com.br\/blog\/wp-content\/uploads\/2022\/07\/cuidar-saude-mental-1024x683.jpg\" alt=\"Sa\u00fade\" width=\"1024\" height=\"683\" srcset=\"https:\/\/unimedmaisqueumplano.com.br\/blog\/wp-content\/uploads\/2022\/07\/cuidar-saude-mental-1024x683.jpg 1024w, https:\/\/unimedmaisqueumplano.com.br\/blog\/wp-content\/uploads\/2022\/07\/cuidar-saude-mental-300x200.jpg 300w, https:\/\/unimedmaisqueumplano.com.br\/blog\/wp-content\/uploads\/2022\/07\/cuidar-saude-mental-768x512.jpg 768w, https:\/\/unimedmaisqueumplano.com.br\/blog\/wp-content\/uploads\/2022\/07\/cuidar-saude-mental.jpg 1254w\" sizes=\"auto, (max-width: 1024px) 100vw, 1024px\" \/><p id=\"caption-attachment-201\" class=\"wp-caption-text\">Fonte: iStock<\/p><\/div>\n<p>&nbsp;<\/p>\n<h3><b>1. Alimenta\u00e7\u00e3o saud\u00e1vel<\/b><\/h3>\n<p><span style=\"font-weight: 400;\">Ter um card\u00e1pio equilibrado e rico em variedade de alimentos saud\u00e1veis pode fornecer os nutrientes necess\u00e1rios para a <\/span><b>sensa\u00e7\u00e3o de bem-estar<\/b><span style=\"font-weight: 400;\">, mantendo os n\u00edveis de energia adequados ao longo do dia.\u00a0<\/span><\/p>\n<p><span style=\"font-weight: 400;\">Isso porque uma alimenta\u00e7\u00e3o saud\u00e1vel, em conjunto com uma hidrata\u00e7\u00e3o adequada, contribui para <\/span><b>o bom funcionamento do organismo e das fun\u00e7\u00f5es cerebrais<\/b><span style=\"font-weight: 400;\">.<\/span><\/p>\n<p><span style=\"font-weight: 400;\">Uma boa alimenta\u00e7\u00e3o promove melhorias na cogni\u00e7\u00e3o, mem\u00f3ria e na produ\u00e7\u00e3o de horm\u00f4nios relacionados ao humor e ao sono.<\/span><\/p>\n<h3><\/h3>\n<h3><b>2. Exerc\u00edcios f\u00edsicos<\/b><\/h3>\n<p><span style=\"font-weight: 400;\">Al\u00e9m dos benef\u00edcios para o corpo, a pr\u00e1tica de exerc\u00edcios f\u00edsicos est\u00e1 ligada com a sa\u00fade da mente, sendo um dos <\/span><b>principais h\u00e1bitos para prevenir as mais variadas doen\u00e7as psiqui\u00e1tricas<\/b><span style=\"font-weight: 400;\">.<\/span><\/p>\n<p><span style=\"font-weight: 400;\">Incluir alongamentos, caminhadas ou pr\u00e1ticas esportivas em sua rotina, pode contribuir para minimizar transtornos e problemas relacionados a quest\u00f5es emocionais e psicol\u00f3gicas.<\/span><\/p>\n<h3><\/h3>\n<h3><b>3. Qualidade do sono<\/b><\/h3>\n<p><span style=\"font-weight: 400;\">Um bom per\u00edodo de descanso est\u00e1 ligado a ter seguidas horas de sono sem interrup\u00e7\u00f5es ou priva\u00e7\u00f5es, garantindo a <\/span><b>sensa\u00e7\u00e3o de energia recarregada<\/b><span style=\"font-weight: 400;\">.<\/span><\/p>\n<p><span style=\"font-weight: 400;\">Confira os <\/span><b>benef\u00edcios de uma noite bem dormida<\/b><span style=\"font-weight: 400;\">:<\/span><\/p>\n<h3><\/h3>\n<ul>\n<li style=\"font-weight: 400;\"><span style=\"font-weight: 400;\">Fortalecimento do sistema imunol\u00f3gico;<\/span><\/li>\n<li style=\"font-weight: 400;\"><span style=\"font-weight: 400;\">Redu\u00e7\u00e3o do estresse;<\/span><\/li>\n<li style=\"font-weight: 400;\"><span style=\"font-weight: 400;\">Melhorias na concentra\u00e7\u00e3o;<\/span><\/li>\n<li style=\"font-weight: 400;\"><span style=\"font-weight: 400;\">Menor frequ\u00eancia de doen\u00e7as.<\/span><\/li>\n<\/ul>\n<h3><\/h3>\n<p><span style=\"font-weight: 400;\">A <\/span><b>falta de um sono de qualidade<\/b><span style=\"font-weight: 400;\"> pode atrapalhar diretamente o funcionamento do seu organismo, aumentando as chances de desenvolver doen\u00e7as.<\/span><\/p>\n<h3><\/h3>\n<h3><b>4. Pratique o autocuidado<\/b><\/h3>\n<p><span style=\"font-weight: 400;\">Separar um momento da semana para fazer o que voc\u00ea realmente gosta, como praticar atividades ao ar livre, sair ou meditar, pode trazer um estado de <\/span><b>relaxamento da mente<\/b><span style=\"font-weight: 400;\">.<\/span><\/p>\n<p><span style=\"font-weight: 400;\">Dedicar um tempo para o autocuidado se torna fundamental para melhorar a sa\u00fade f\u00edsica e mental, <\/span><b><a href=\"https:\/\/unimedmaisqueumplano.com.br\/blog\/saude-e-bem-estar\/rotina-saudavel-3-habitos\/\">criando uma rotina saud\u00e1vel<\/a><\/b>.<\/p>\n<p><span style=\"font-weight: 400;\">Conhe\u00e7a os <\/span><b>principais benef\u00edcios do autocuidado<\/b><span style=\"font-weight: 400;\">:<\/span><\/p>\n<h3><\/h3>\n<ul>\n<li style=\"font-weight: 400;\"><span style=\"font-weight: 400;\">Diminui\u00e7\u00e3o da ansiedade e estresses cotidianos;<\/span><\/li>\n<li style=\"font-weight: 400;\"><span style=\"font-weight: 400;\">Melhorias quanto a autoestima (olhar mais positivo sobre si);<\/span><\/li>\n<li style=\"font-weight: 400;\"><span style=\"font-weight: 400;\">Equil\u00edbrio emocional;<\/span><\/li>\n<li style=\"font-weight: 400;\"><span style=\"font-weight: 400;\">Reconhecimento de mudan\u00e7as quanto ao corpo e a mente.<\/span><\/li>\n<\/ul>\n<h3><\/h3>\n<p><span style=\"font-weight: 400;\">Voltar o olhar para si impacta positivamente na qualidade de vida e na identifica\u00e7\u00e3o de problemas relacionados \u00e0 sa\u00fade.<\/span><\/p>\n<h3><\/h3>\n<h3><b>5. Saiba a hora de pedir ajuda<\/b><\/h3>\n<p><span style=\"font-weight: 400;\">Reconhecer uma dificuldade e saber a hora de buscar ajuda, s\u00e3o passos importantes, principalmente quando se trata de sa\u00fade f\u00edsica e mental.\u00a0<\/span><\/p>\n<p><span style=\"font-weight: 400;\">Ter ao seu lado uma<\/span><a href=\"https:\/\/conteudos.unimedmaisqueumplano.com.br\/somos-mais-por-voce\"><b> rede de sa\u00fade especializada<\/b><\/a><span style=\"font-weight: 400;\"> e com acompanhamento profissional de qualidade, torna-se a solu\u00e7\u00e3o ideal para identificar <\/span><b>a causa de poss\u00edveis problemas e prontamente trat\u00e1-los<\/b><span style=\"font-weight: 400;\">.<\/span><\/p>\n<h3><\/h3>\n<h2><b>Coloque sua sa\u00fade em primeiro plano<\/b><\/h2>\n<p><span style=\"font-weight: 400;\">Agora que voc\u00ea sabe a import\u00e2ncia do cuidado com a sa\u00fade mental e reconhece alguns dos sinais de alerta que o seu corpo pode dar, coloque em pr\u00e1tica esse conhecimento e melhore a qualidade de vida.<\/span><\/p>\n","protected":false},"excerpt":{"rendered":"<p>Mantenha sua sa\u00fade mental sempre em dia. Inclua em sua rotina estas 5 dicas pr\u00e1ticas e garanta uma melhor qualidade de vida.<\/p>\n","protected":false},"author":6,"featured_media":202,"comment_status":"open","ping_status":"open","sticky":false,"template":"","format":"standard","meta":{"footnotes":""},"categories":[3],"Subcategoria":[14],"class_list":["post-200","post","type-post","status-publish","format-standard","has-post-thumbnail","hentry","category-saude-e-bem-estar","Subcategoria-geral"],"yoast_head":"<!-- This site is optimized with the Yoast SEO plugin v25.7 - https:\/\/yoast.com\/wordpress\/plugins\/seo\/ -->\n<title>5 dicas para manter a sa\u00fade mental em dia - Saber \u00e9 +<\/title>\n<meta name=\"description\" content=\"Mantenha sua sa\u00fade mental sempre em dia. Inclua em sua rotina estas 5 dicas pr\u00e1ticas e garanta uma melhor qualidade de vida.\" \/>\n<meta name=\"robots\" content=\"index, follow, max-snippet:-1, max-image-preview:large, max-video-preview:-1\" \/>\n<link rel=\"canonical\" href=\"https:\/\/unimedmaisqueumplano.com.br\/blog\/saude-e-bem-estar\/dicas-saude-mental\/\" \/>\n<meta property=\"og:locale\" content=\"pt_BR\" \/>\n<meta property=\"og:type\" content=\"article\" \/>\n<meta property=\"og:title\" content=\"5 dicas para manter a sa\u00fade mental em dia - Saber \u00e9 +\" \/>\n<meta property=\"og:description\" content=\"Mantenha sua sa\u00fade mental sempre em dia. Inclua em sua rotina estas 5 dicas pr\u00e1ticas e garanta uma melhor qualidade de vida.\" \/>\n<meta property=\"og:url\" content=\"https:\/\/unimedmaisqueumplano.com.br\/blog\/saude-e-bem-estar\/dicas-saude-mental\/\" \/>\n<meta property=\"og:site_name\" content=\"Saber \u00e9 +\" \/>\n<meta property=\"article:published_time\" content=\"2022-07-06T20:45:50+00:00\" \/>\n<meta property=\"article:modified_time\" content=\"2022-09-16T13:29:53+00:00\" \/>\n<meta property=\"og:image\" content=\"https:\/\/unimedmaisqueumplano.com.br\/blog\/wp-content\/uploads\/2022\/07\/saude-mental.jpg\" \/>\n\t<meta property=\"og:image:width\" content=\"1254\" \/>\n\t<meta property=\"og:image:height\" content=\"836\" \/>\n\t<meta property=\"og:image:type\" content=\"image\/jpeg\" \/>\n<meta name=\"author\" content=\"Let\u00edcia Orsso\" \/>\n<meta name=\"twitter:card\" content=\"summary_large_image\" \/>\n<meta name=\"twitter:label1\" content=\"Escrito por\" \/>\n\t<meta name=\"twitter:data1\" content=\"Let\u00edcia Orsso\" \/>\n\t<meta name=\"twitter:label2\" content=\"Est. tempo de leitura\" \/>\n\t<meta name=\"twitter:data2\" content=\"5 minutos\" \/>\n<script type=\"application\/ld+json\" class=\"yoast-schema-graph\">{\"@context\":\"https:\/\/schema.org\",\"@graph\":[{\"@type\":\"Article\",\"@id\":\"https:\/\/unimedmaisqueumplano.com.br\/blog\/saude-e-bem-estar\/dicas-saude-mental\/#article\",\"isPartOf\":{\"@id\":\"https:\/\/unimedmaisqueumplano.com.br\/blog\/saude-e-bem-estar\/dicas-saude-mental\/\"},\"author\":{\"name\":\"Let\u00edcia Orsso\",\"@id\":\"https:\/\/unimedmaisqueumplano.com.br\/blog\/#\/schema\/person\/432421fba40b9ec30b3d7ca2adbb20dd\"},\"headline\":\"5 dicas para manter a sa\u00fade mental em dia\",\"datePublished\":\"2022-07-06T20:45:50+00:00\",\"dateModified\":\"2022-09-16T13:29:53+00:00\",\"mainEntityOfPage\":{\"@id\":\"https:\/\/unimedmaisqueumplano.com.br\/blog\/saude-e-bem-estar\/dicas-saude-mental\/\"},\"wordCount\":829,\"commentCount\":0,\"publisher\":{\"@id\":\"https:\/\/unimedmaisqueumplano.com.br\/blog\/#organization\"},\"image\":{\"@id\":\"https:\/\/unimedmaisqueumplano.com.br\/blog\/saude-e-bem-estar\/dicas-saude-mental\/#primaryimage\"},\"thumbnailUrl\":\"https:\/\/unimedmaisqueumplano.com.br\/blog\/wp-content\/uploads\/2022\/07\/saude-mental.jpg\",\"articleSection\":[\"Sa\u00fade e Bem-estar\"],\"inLanguage\":\"pt-BR\",\"potentialAction\":[{\"@type\":\"CommentAction\",\"name\":\"Comment\",\"target\":[\"https:\/\/unimedmaisqueumplano.com.br\/blog\/saude-e-bem-estar\/dicas-saude-mental\/#respond\"]}]},{\"@type\":\"WebPage\",\"@id\":\"https:\/\/unimedmaisqueumplano.com.br\/blog\/saude-e-bem-estar\/dicas-saude-mental\/\",\"url\":\"https:\/\/unimedmaisqueumplano.com.br\/blog\/saude-e-bem-estar\/dicas-saude-mental\/\",\"name\":\"5 dicas para manter a sa\u00fade mental em dia - Saber \u00e9 +\",\"isPartOf\":{\"@id\":\"https:\/\/unimedmaisqueumplano.com.br\/blog\/#website\"},\"primaryImageOfPage\":{\"@id\":\"https:\/\/unimedmaisqueumplano.com.br\/blog\/saude-e-bem-estar\/dicas-saude-mental\/#primaryimage\"},\"image\":{\"@id\":\"https:\/\/unimedmaisqueumplano.com.br\/blog\/saude-e-bem-estar\/dicas-saude-mental\/#primaryimage\"},\"thumbnailUrl\":\"https:\/\/unimedmaisqueumplano.com.br\/blog\/wp-content\/uploads\/2022\/07\/saude-mental.jpg\",\"datePublished\":\"2022-07-06T20:45:50+00:00\",\"dateModified\":\"2022-09-16T13:29:53+00:00\",\"description\":\"Mantenha sua sa\u00fade mental sempre em dia. Inclua em sua rotina estas 5 dicas pr\u00e1ticas e garanta uma melhor qualidade de vida.\",\"breadcrumb\":{\"@id\":\"https:\/\/unimedmaisqueumplano.com.br\/blog\/saude-e-bem-estar\/dicas-saude-mental\/#breadcrumb\"},\"inLanguage\":\"pt-BR\",\"potentialAction\":[{\"@type\":\"ReadAction\",\"target\":[\"https:\/\/unimedmaisqueumplano.com.br\/blog\/saude-e-bem-estar\/dicas-saude-mental\/\"]}]},{\"@type\":\"ImageObject\",\"inLanguage\":\"pt-BR\",\"@id\":\"https:\/\/unimedmaisqueumplano.com.br\/blog\/saude-e-bem-estar\/dicas-saude-mental\/#primaryimage\",\"url\":\"https:\/\/unimedmaisqueumplano.com.br\/blog\/wp-content\/uploads\/2022\/07\/saude-mental.jpg\",\"contentUrl\":\"https:\/\/unimedmaisqueumplano.com.br\/blog\/wp-content\/uploads\/2022\/07\/saude-mental.jpg\",\"width\":1254,\"height\":836},{\"@type\":\"BreadcrumbList\",\"@id\":\"https:\/\/unimedmaisqueumplano.com.br\/blog\/saude-e-bem-estar\/dicas-saude-mental\/#breadcrumb\",\"itemListElement\":[{\"@type\":\"ListItem\",\"position\":1,\"name\":\"In\u00edcio\",\"item\":\"https:\/\/unimedmaisqueumplano.com.br\/blog\/\"},{\"@type\":\"ListItem\",\"position\":2,\"name\":\"5 dicas para manter a sa\u00fade mental em dia\"}]},{\"@type\":\"WebSite\",\"@id\":\"https:\/\/unimedmaisqueumplano.com.br\/blog\/#website\",\"url\":\"https:\/\/unimedmaisqueumplano.com.br\/blog\/\",\"name\":\"Saber \u00e9 +\",\"description\":\"Somos mais por voc\u00ea!\",\"publisher\":{\"@id\":\"https:\/\/unimedmaisqueumplano.com.br\/blog\/#organization\"},\"potentialAction\":[{\"@type\":\"SearchAction\",\"target\":{\"@type\":\"EntryPoint\",\"urlTemplate\":\"https:\/\/unimedmaisqueumplano.com.br\/blog\/?s={search_term_string}\"},\"query-input\":{\"@type\":\"PropertyValueSpecification\",\"valueRequired\":true,\"valueName\":\"search_term_string\"}}],\"inLanguage\":\"pt-BR\"},{\"@type\":\"Organization\",\"@id\":\"https:\/\/unimedmaisqueumplano.com.br\/blog\/#organization\",\"name\":\"Unimed Santa Catarina\",\"url\":\"https:\/\/unimedmaisqueumplano.com.br\/blog\/\",\"logo\":{\"@type\":\"ImageObject\",\"inLanguage\":\"pt-BR\",\"@id\":\"https:\/\/unimedmaisqueumplano.com.br\/blog\/#\/schema\/logo\/image\/\",\"url\":\"https:\/\/unimedmaisqueumplano.com.br\/blog\/wp-content\/uploads\/2022\/07\/logo.png\",\"contentUrl\":\"https:\/\/unimedmaisqueumplano.com.br\/blog\/wp-content\/uploads\/2022\/07\/logo.png\",\"width\":145,\"height\":53,\"caption\":\"Unimed Santa Catarina\"},\"image\":{\"@id\":\"https:\/\/unimedmaisqueumplano.com.br\/blog\/#\/schema\/logo\/image\/\"}},{\"@type\":\"Person\",\"@id\":\"https:\/\/unimedmaisqueumplano.com.br\/blog\/#\/schema\/person\/432421fba40b9ec30b3d7ca2adbb20dd\",\"name\":\"Let\u00edcia Orsso\",\"image\":{\"@type\":\"ImageObject\",\"inLanguage\":\"pt-BR\",\"@id\":\"https:\/\/unimedmaisqueumplano.com.br\/blog\/#\/schema\/person\/image\/\",\"url\":\"https:\/\/secure.gravatar.com\/avatar\/be4d63120aca49dbf27a645051a67bf3e849871713a5f5aa4759b114a4b732bf?s=96&d=mm&r=g\",\"contentUrl\":\"https:\/\/secure.gravatar.com\/avatar\/be4d63120aca49dbf27a645051a67bf3e849871713a5f5aa4759b114a4b732bf?s=96&d=mm&r=g\",\"caption\":\"Let\u00edcia Orsso\"},\"url\":\"https:\/\/unimedmaisqueumplano.com.br\/blog\/author\/leticia-orsso\/\"}]}<\/script>\n<!-- \/ Yoast SEO plugin. -->","yoast_head_json":{"title":"5 dicas para manter a sa\u00fade mental em dia - Saber \u00e9 +","description":"Mantenha sua sa\u00fade mental sempre em dia. Inclua em sua rotina estas 5 dicas pr\u00e1ticas e garanta uma melhor qualidade de vida.","robots":{"index":"index","follow":"follow","max-snippet":"max-snippet:-1","max-image-preview":"max-image-preview:large","max-video-preview":"max-video-preview:-1"},"canonical":"https:\/\/unimedmaisqueumplano.com.br\/blog\/saude-e-bem-estar\/dicas-saude-mental\/","og_locale":"pt_BR","og_type":"article","og_title":"5 dicas para manter a sa\u00fade mental em dia - Saber \u00e9 +","og_description":"Mantenha sua sa\u00fade mental sempre em dia. Inclua em sua rotina estas 5 dicas pr\u00e1ticas e garanta uma melhor qualidade de vida.","og_url":"https:\/\/unimedmaisqueumplano.com.br\/blog\/saude-e-bem-estar\/dicas-saude-mental\/","og_site_name":"Saber \u00e9 +","article_published_time":"2022-07-06T20:45:50+00:00","article_modified_time":"2022-09-16T13:29:53+00:00","og_image":[{"width":1254,"height":836,"url":"https:\/\/unimedmaisqueumplano.com.br\/blog\/wp-content\/uploads\/2022\/07\/saude-mental.jpg","type":"image\/jpeg"}],"author":"Let\u00edcia Orsso","twitter_card":"summary_large_image","twitter_misc":{"Escrito por":"Let\u00edcia Orsso","Est. tempo de leitura":"5 minutos"},"schema":{"@context":"https:\/\/schema.org","@graph":[{"@type":"Article","@id":"https:\/\/unimedmaisqueumplano.com.br\/blog\/saude-e-bem-estar\/dicas-saude-mental\/#article","isPartOf":{"@id":"https:\/\/unimedmaisqueumplano.com.br\/blog\/saude-e-bem-estar\/dicas-saude-mental\/"},"author":{"name":"Let\u00edcia Orsso","@id":"https:\/\/unimedmaisqueumplano.com.br\/blog\/#\/schema\/person\/432421fba40b9ec30b3d7ca2adbb20dd"},"headline":"5 dicas para manter a sa\u00fade mental em dia","datePublished":"2022-07-06T20:45:50+00:00","dateModified":"2022-09-16T13:29:53+00:00","mainEntityOfPage":{"@id":"https:\/\/unimedmaisqueumplano.com.br\/blog\/saude-e-bem-estar\/dicas-saude-mental\/"},"wordCount":829,"commentCount":0,"publisher":{"@id":"https:\/\/unimedmaisqueumplano.com.br\/blog\/#organization"},"image":{"@id":"https:\/\/unimedmaisqueumplano.com.br\/blog\/saude-e-bem-estar\/dicas-saude-mental\/#primaryimage"},"thumbnailUrl":"https:\/\/unimedmaisqueumplano.com.br\/blog\/wp-content\/uploads\/2022\/07\/saude-mental.jpg","articleSection":["Sa\u00fade e Bem-estar"],"inLanguage":"pt-BR","potentialAction":[{"@type":"CommentAction","name":"Comment","target":["https:\/\/unimedmaisqueumplano.com.br\/blog\/saude-e-bem-estar\/dicas-saude-mental\/#respond"]}]},{"@type":"WebPage","@id":"https:\/\/unimedmaisqueumplano.com.br\/blog\/saude-e-bem-estar\/dicas-saude-mental\/","url":"https:\/\/unimedmaisqueumplano.com.br\/blog\/saude-e-bem-estar\/dicas-saude-mental\/","name":"5 dicas para manter a sa\u00fade mental em dia - Saber \u00e9 +","isPartOf":{"@id":"https:\/\/unimedmaisqueumplano.com.br\/blog\/#website"},"primaryImageOfPage":{"@id":"https:\/\/unimedmaisqueumplano.com.br\/blog\/saude-e-bem-estar\/dicas-saude-mental\/#primaryimage"},"image":{"@id":"https:\/\/unimedmaisqueumplano.com.br\/blog\/saude-e-bem-estar\/dicas-saude-mental\/#primaryimage"},"thumbnailUrl":"https:\/\/unimedmaisqueumplano.com.br\/blog\/wp-content\/uploads\/2022\/07\/saude-mental.jpg","datePublished":"2022-07-06T20:45:50+00:00","dateModified":"2022-09-16T13:29:53+00:00","description":"Mantenha sua sa\u00fade mental sempre em dia. Inclua em sua rotina estas 5 dicas pr\u00e1ticas e garanta uma melhor qualidade de vida.","breadcrumb":{"@id":"https:\/\/unimedmaisqueumplano.com.br\/blog\/saude-e-bem-estar\/dicas-saude-mental\/#breadcrumb"},"inLanguage":"pt-BR","potentialAction":[{"@type":"ReadAction","target":["https:\/\/unimedmaisqueumplano.com.br\/blog\/saude-e-bem-estar\/dicas-saude-mental\/"]}]},{"@type":"ImageObject","inLanguage":"pt-BR","@id":"https:\/\/unimedmaisqueumplano.com.br\/blog\/saude-e-bem-estar\/dicas-saude-mental\/#primaryimage","url":"https:\/\/unimedmaisqueumplano.com.br\/blog\/wp-content\/uploads\/2022\/07\/saude-mental.jpg","contentUrl":"https:\/\/unimedmaisqueumplano.com.br\/blog\/wp-content\/uploads\/2022\/07\/saude-mental.jpg","width":1254,"height":836},{"@type":"BreadcrumbList","@id":"https:\/\/unimedmaisqueumplano.com.br\/blog\/saude-e-bem-estar\/dicas-saude-mental\/#breadcrumb","itemListElement":[{"@type":"ListItem","position":1,"name":"In\u00edcio","item":"https:\/\/unimedmaisqueumplano.com.br\/blog\/"},{"@type":"ListItem","position":2,"name":"5 dicas para manter a sa\u00fade mental em dia"}]},{"@type":"WebSite","@id":"https:\/\/unimedmaisqueumplano.com.br\/blog\/#website","url":"https:\/\/unimedmaisqueumplano.com.br\/blog\/","name":"Saber \u00e9 +","description":"Somos mais por voc\u00ea!","publisher":{"@id":"https:\/\/unimedmaisqueumplano.com.br\/blog\/#organization"},"potentialAction":[{"@type":"SearchAction","target":{"@type":"EntryPoint","urlTemplate":"https:\/\/unimedmaisqueumplano.com.br\/blog\/?s={search_term_string}"},"query-input":{"@type":"PropertyValueSpecification","valueRequired":true,"valueName":"search_term_string"}}],"inLanguage":"pt-BR"},{"@type":"Organization","@id":"https:\/\/unimedmaisqueumplano.com.br\/blog\/#organization","name":"Unimed Santa Catarina","url":"https:\/\/unimedmaisqueumplano.com.br\/blog\/","logo":{"@type":"ImageObject","inLanguage":"pt-BR","@id":"https:\/\/unimedmaisqueumplano.com.br\/blog\/#\/schema\/logo\/image\/","url":"https:\/\/unimedmaisqueumplano.com.br\/blog\/wp-content\/uploads\/2022\/07\/logo.png","contentUrl":"https:\/\/unimedmaisqueumplano.com.br\/blog\/wp-content\/uploads\/2022\/07\/logo.png","width":145,"height":53,"caption":"Unimed Santa Catarina"},"image":{"@id":"https:\/\/unimedmaisqueumplano.com.br\/blog\/#\/schema\/logo\/image\/"}},{"@type":"Person","@id":"https:\/\/unimedmaisqueumplano.com.br\/blog\/#\/schema\/person\/432421fba40b9ec30b3d7ca2adbb20dd","name":"Let\u00edcia Orsso","image":{"@type":"ImageObject","inLanguage":"pt-BR","@id":"https:\/\/unimedmaisqueumplano.com.br\/blog\/#\/schema\/person\/image\/","url":"https:\/\/secure.gravatar.com\/avatar\/be4d63120aca49dbf27a645051a67bf3e849871713a5f5aa4759b114a4b732bf?s=96&d=mm&r=g","contentUrl":"https:\/\/secure.gravatar.com\/avatar\/be4d63120aca49dbf27a645051a67bf3e849871713a5f5aa4759b114a4b732bf?s=96&d=mm&r=g","caption":"Let\u00edcia Orsso"},"url":"https:\/\/unimedmaisqueumplano.com.br\/blog\/author\/leticia-orsso\/"}]}},"_links":{"self":[{"href":"https:\/\/unimedmaisqueumplano.com.br\/blog\/wp-json\/wp\/v2\/posts\/200","targetHints":{"allow":["GET"]}}],"collection":[{"href":"https:\/\/unimedmaisqueumplano.com.br\/blog\/wp-json\/wp\/v2\/posts"}],"about":[{"href":"https:\/\/unimedmaisqueumplano.com.br\/blog\/wp-json\/wp\/v2\/types\/post"}],"author":[{"embeddable":true,"href":"https:\/\/unimedmaisqueumplano.com.br\/blog\/wp-json\/wp\/v2\/users\/6"}],"replies":[{"embeddable":true,"href":"https:\/\/unimedmaisqueumplano.com.br\/blog\/wp-json\/wp\/v2\/comments?post=200"}],"version-history":[{"count":22,"href":"https:\/\/unimedmaisqueumplano.com.br\/blog\/wp-json\/wp\/v2\/posts\/200\/revisions"}],"predecessor-version":[{"id":346,"href":"https:\/\/unimedmaisqueumplano.com.br\/blog\/wp-json\/wp\/v2\/posts\/200\/revisions\/346"}],"wp:featuredmedia":[{"embeddable":true,"href":"https:\/\/unimedmaisqueumplano.com.br\/blog\/wp-json\/wp\/v2\/media\/202"}],"wp:attachment":[{"href":"https:\/\/unimedmaisqueumplano.com.br\/blog\/wp-json\/wp\/v2\/media?parent=200"}],"wp:term":[{"taxonomy":"category","embeddable":true,"href":"https:\/\/unimedmaisqueumplano.com.br\/blog\/wp-json\/wp\/v2\/categories?post=200"},{"taxonomy":"Subcategoria","embeddable":true,"href":"https:\/\/unimedmaisqueumplano.com.br\/blog\/wp-json\/wp\/v2\/Subcategoria?post=200"}],"curies":[{"name":"wp","href":"https:\/\/api.w.org\/{rel}","templated":true}]}}