{"id":304,"date":"2022-08-18T17:38:34","date_gmt":"2022-08-18T20:38:34","guid":{"rendered":"https:\/\/unimedmaisqueumplano.com.br\/blog\/?p=304"},"modified":"2022-09-15T16:53:36","modified_gmt":"2022-09-15T19:53:36","slug":"amamentacao-mitos-e-verdades","status":"publish","type":"post","link":"https:\/\/unimedmaisqueumplano.com.br\/blog\/saude-e-bem-estar\/amamentacao-mitos-e-verdades\/","title":{"rendered":"Mitos e verdades sobre a amamenta\u00e7\u00e3o"},"content":{"rendered":"<p><span style=\"font-weight: 400;\">Os primeiros meses sendo m\u00e3e podem ser um verdadeiro desafio para as mulheres, n\u00e3o \u00e9? Principalmente quando falamos da<\/span><b> amamenta\u00e7\u00e3o<\/b><span style=\"font-weight: 400;\">.<\/span><\/p>\n<p><span style=\"font-weight: 400;\">A maternidade torna-se um momento especial para a mulher, sendo necess\u00e1rio filtrar informa\u00e7\u00f5es que possam ajudar a m\u00e3e nessa etapa.\u00a0<\/span><\/p>\n<p><span style=\"font-weight: 400;\">Venha conosco mam\u00e3e, consulte estas dicas de ouro e fa\u00e7a do per\u00edodo da amamenta\u00e7\u00e3o um momento fant\u00e1stico.<\/span><\/p>\n<p><span style=\"font-weight: 400;\">Tenha uma boa leitura!<\/span><\/p>\n<p>&nbsp;<\/p>\n<h2><b>Conex\u00e3o entre m\u00e3e e beb\u00ea<\/b><\/h2>\n<p><span style=\"font-weight: 400;\">Da gesta\u00e7\u00e3o, passando pelo pr\u00e9-natal, at\u00e9 o primeiro contato com o rec\u00e9m-nascido, toda m\u00e3e se preocupa com algumas situa\u00e7\u00f5es que ser\u00e3o encontradas, sendo a fase da amamenta\u00e7\u00e3o uma das principais d\u00favidas.<\/span><\/p>\n<p><span style=\"font-weight: 400;\">Considerado o momento de maior aproxima\u00e7\u00e3o entre m\u00e3e e beb\u00ea, essa a\u00e7\u00e3o gera\u00a0 in\u00fameros benef\u00edcios f\u00edsicos e psicol\u00f3gicos para ambos..<\/span><\/p>\n<p><span style=\"font-weight: 400;\">A mulher e a crian\u00e7a passam por um per\u00edodo inicial de adapta\u00e7\u00e3o trazendo, al\u00e9m de grandes desafios, muitos aprendizados e alegrias.<\/span><\/p>\n<p><span style=\"font-weight: 400;\">Por isso, precisa haver muito cuidado, pois o universo da maternidade \u00e9 carregado de falsos conselhos, principalmente quando falamos de amamenta\u00e7\u00e3o.<\/span><\/p>\n<p>&nbsp;<\/p>\n<div id=\"attachment_305\" style=\"width: 1034px\" class=\"wp-caption aligncenter\"><img loading=\"lazy\" decoding=\"async\" aria-describedby=\"caption-attachment-305\" class=\"wp-image-305 size-large\" title=\"M\u00e3e amamentando\" src=\"https:\/\/unimedmaisqueumplano.com.br\/blog\/wp-content\/uploads\/2022\/08\/amamentacao-1024x683.jpg\" alt=\"Amamenta\u00e7\u00e3o\" width=\"1024\" height=\"683\" srcset=\"https:\/\/unimedmaisqueumplano.com.br\/blog\/wp-content\/uploads\/2022\/08\/amamentacao-1024x683.jpg 1024w, https:\/\/unimedmaisqueumplano.com.br\/blog\/wp-content\/uploads\/2022\/08\/amamentacao-300x200.jpg 300w, https:\/\/unimedmaisqueumplano.com.br\/blog\/wp-content\/uploads\/2022\/08\/amamentacao-768x512.jpg 768w, https:\/\/unimedmaisqueumplano.com.br\/blog\/wp-content\/uploads\/2022\/08\/amamentacao.jpg 1254w\" sizes=\"auto, (max-width: 1024px) 100vw, 1024px\" \/><p id=\"caption-attachment-305\" class=\"wp-caption-text\">Fonte: IStock<\/p><\/div>\n<p>&nbsp;<\/p>\n<h2><b>Conhe\u00e7a a import\u00e2ncia da amamenta\u00e7\u00e3o<\/b><b><br \/>\n<\/b><\/h2>\n<p><span style=\"font-weight: 400;\">Considerado o alimento mais completo para o beb\u00ea, o leite materno \u00e9 uma rica fonte de nutrientes e pode reduzir as chances de doen\u00e7as, como obesidade e hipertens\u00e3o.<\/span><\/p>\n<p><span style=\"font-weight: 400;\">Segundo a Sociedade Brasileira de Pediatria, \u00e9 fundamental que o beb\u00ea seja amamentado exclusivamente pelo leite materno at\u00e9 os seis meses de vida.<\/span><\/p>\n<p><span style=\"font-weight: 400;\">De acordo com a OMS, apenas 39% dos beb\u00eas brasileiros s\u00e3o amamentados at\u00e9 os cinco primeiros meses de vida, colocando o nosso pa\u00eds na frente da Argentina (33%) e atr\u00e1s da Bol\u00edvia (64%).<\/span><\/p>\n<p><span style=\"font-weight: 400;\">Mesmo com tantas incertezas e d\u00favidas, o aleitamento materno garantir\u00e1 o sustento ideal para a vida do seu filho, primordialmente nos primeiros anos de vida.<\/span><\/p>\n<p><span style=\"font-weight: 400;\">M\u00e3e, voc\u00ea sabe diferenciar o que \u00e9 mito e verdade sobre a amamenta\u00e7\u00e3o?<\/span><\/p>\n<p><span style=\"font-weight: 400;\">Confira abaixo neste material explicativo.<\/span><\/p>\n<p>&nbsp;<\/p>\n<h2><b>Mitos e verdades sobre a amamenta\u00e7\u00e3o<\/b><\/h2>\n<p><span style=\"font-weight: 400;\">Nesse momento \u00e9 fundamental saber filtrar palpites e se concentrar em orienta\u00e7\u00f5es especializadas. Conselhos s\u00e3o bons, mas saiba que o que funciona para uma m\u00e3e n\u00e3o necessariamente funcionar\u00e1 para todas. Cada beb\u00ea tem seu tempo.<\/span><\/p>\n<p><span style=\"font-weight: 400;\">Evite erros. Conhe\u00e7a alguns mitos e verdade sobre a amamenta\u00e7\u00e3o.<\/span><\/p>\n<h3><b><br \/>\n<\/b><b>A alimenta\u00e7\u00e3o da m\u00e3e interfere no leite? Verdade!<\/b><\/h3>\n<p><span style=\"font-weight: 400;\">\u00c9 fundamental que a mulher ingira a quantidade ideal de nutrientes, isso far\u00e1 bem para voc\u00ea e principalmente para seu beb\u00ea. <\/span><\/p>\n<p><span style=\"font-weight: 400;\">Busque a ajuda de uma nutricionista ou pediatra para te orientar nessa fase, assim voc\u00ea mant\u00e9m uma alimenta\u00e7\u00e3o saud\u00e1vel e que reflete na sa\u00fade da crian\u00e7a.<\/span><\/p>\n<p>&nbsp;<\/p>\n<h3><b>Existe leite fraco? Mito!<\/b><b><br \/>\n<\/b><\/h3>\n<p><span style=\"font-weight: 400;\">A maioria das mulheres \u00e9 capaz de produzir quantidade suficiente e adequada de leite para que seu beb\u00ea cres\u00e7a saud\u00e1vel e se desenvolva de maneira sadia. Portanto, dificilmente o seu leite ser\u00e1 fraco ou insuficiente para a crian\u00e7a.<\/span><\/p>\n<p>&nbsp;<\/p>\n<h3><b>O beb\u00ea precisa de hor\u00e1rios fixos para mamar? Mito!<\/b><\/h3>\n<p><span style=\"font-weight: 400;\">\u00c9 normal nos primeiros meses de vida que o beb\u00ea mame com maior frequ\u00eancia e sem hor\u00e1rios regulares. A<\/span><span style=\"font-weight: 400;\">mamentar a crian\u00e7a sempre que ela sentir fome far\u00e1 com o tempo que as mamadas se tornem mais espa\u00e7adas.<\/span><\/p>\n<p>&nbsp;<\/p>\n<h3><b>Amamentar pode proteger meu filho? Verdade!<\/b><\/h3>\n<p><span style=\"font-weight: 400;\">Al\u00e9m de diminuir a chance de diversas infec\u00e7\u00f5es (respirat\u00f3rias, digestivas, dentre outras), <\/span><b>manter o beb\u00ea amamentado pode<\/b><span style=\"font-weight: 400;\">:<\/span><\/p>\n<p>&nbsp;<\/p>\n<ul>\n<li style=\"font-weight: 400;\" aria-level=\"1\"><span style=\"font-weight: 400;\">fortalece o sistema imunol\u00f3gico do rec\u00e9m nascido;<\/span><\/li>\n<li style=\"font-weight: 400;\" aria-level=\"1\"><span style=\"font-weight: 400;\">desenvolve o sistema nervoso e protege o cora\u00e7\u00e3o;\u00a0<\/span><\/li>\n<li style=\"font-weight: 400;\" aria-level=\"1\"><span style=\"font-weight: 400;\">melhorar seu equil\u00edbrio emocional;<\/span><\/li>\n<li style=\"font-weight: 400;\" aria-level=\"1\"><span style=\"font-weight: 400;\">aperfei\u00e7oar o desenvolvimento neuromotor;<\/span><\/li>\n<li style=\"font-weight: 400;\" aria-level=\"1\"><span style=\"font-weight: 400;\">e serve como exerc\u00edcio de desenvolvimento de fala<\/span><\/li>\n<li style=\"font-weight: 400;\" aria-level=\"1\"><span style=\"font-weight: 400;\">entre outros benef\u00edcios essenciais.<\/span><\/li>\n<\/ul>\n<p>&nbsp;<\/p>\n<p><span style=\"font-weight: 400;\">J\u00e1 <\/span><b>para a m\u00e3e<\/b><span style=\"font-weight: 400;\">, a amamenta\u00e7\u00e3o:<\/span><\/p>\n<p>&nbsp;<\/p>\n<ul>\n<li style=\"font-weight: 400;\" aria-level=\"1\"><span style=\"font-weight: 400;\">reduz o sangramento p\u00f3s-parto;<\/span><\/li>\n<li style=\"font-weight: 400;\" aria-level=\"1\"><span style=\"font-weight: 400;\">diminui as chances de doen\u00e7as como c\u00e2ncer de mama, ov\u00e1rio e anemia;<\/span><\/li>\n<li style=\"font-weight: 400;\" aria-level=\"1\"><span style=\"font-weight: 400;\">previne contra doen\u00e7as cardiovasculares;<\/span><\/li>\n<li style=\"font-weight: 400;\" aria-level=\"1\"><span style=\"font-weight: 400;\">auxilia na perda de peso (cerca de 640 calorias);<\/span><\/li>\n<li style=\"font-weight: 400;\" aria-level=\"1\"><span style=\"font-weight: 400;\">entre outros.<\/span><\/li>\n<\/ul>\n<p>&nbsp;<\/p>\n<h3><b>Meu beb\u00ea quer mamar toda hora, meu leite \u00e9 insuficiente? Mito!<\/b><\/h3>\n<p><span style=\"font-weight: 400;\">A crian\u00e7a chorar ap\u00f3s a mamada n\u00e3o significa que seu leite \u00e9 fraco ou insuficiente. A digest\u00e3o do leite materno \u00e9 r\u00e1pida, sendo digerida com muito mais rapidez do que o leite da vaca, por exemplo.\u00a0<\/span><\/p>\n<p>&nbsp;<\/p>\n<h3><b>Mesmo ap\u00f3s mamar o beb\u00ea pode chorar de fome? Mito!<\/b><b><br \/>\n<\/b><\/h3>\n<p><span style=\"font-weight: 400;\">O leite materno tem mais de 250 subst\u00e2ncias bioativas, al\u00e9m de prote\u00ednas, vitaminas e outros tantos nutrientes, sendo a fonte ideal para o beb\u00ea. <\/span><\/p>\n<p><span style=\"font-weight: 400;\">O choro pode ser decorr\u00eancia de outras coisas, n\u00e3o necessariamente fome. Fralda molhada, frio, c\u00f3licas ou a pr\u00f3pria roupinha podem causar esse desconforto.<\/span><\/p>\n<p>&nbsp;<\/p>\n<h3><b>O leite materno pode mudar de cor? Verdade!<\/b><b><br \/>\n<\/b><\/h3>\n<p><span style=\"font-weight: 400;\">Sim, a tonalidade presente no leite materno pode variar no decorrer da amamenta\u00e7\u00e3o. <\/span><\/p>\n<p><span style=\"font-weight: 400;\">No in\u00edcio da mamada, por exemplo, o leite possui um tom esbranqui\u00e7ado semelhante a \u00e1gua de coco, isso se d\u00e1 pela forte concentra\u00e7\u00e3o de prote\u00ednas. Essa cor, ao final, se torna mais amarelada, causada pela concentra\u00e7\u00e3o de gorduras.<\/span><\/p>\n<p><span style=\"font-weight: 400;\">Por isso, \u00e9 importante buscar conhecimento especializado, para que voc\u00ea possa aproveitar essa fase com seu beb\u00ea de forma mais tranquila e segura.\u00a0<\/span><\/p>\n<p>&nbsp;<\/p>\n<h2><b>A Unimed est\u00e1 ao seu lado em todas etapas da vida<\/b><\/h2>\n<p><span style=\"font-weight: 400;\">Agora que voc\u00ea j\u00e1 conhece alguns mitos e verdades sobre a amamenta\u00e7\u00e3o, separamos <\/span><b>3 dicas \u00fateis para te ajudar nesse momento<\/b><span style=\"font-weight: 400;\"> t\u00e3o especial. Confira:<\/span><\/p>\n<p>&nbsp;<\/p>\n<ul>\n<li style=\"font-weight: 400;\" aria-level=\"1\"><b>Tenha um ambiente tranquilo para amamentar<\/b><span style=\"font-weight: 400;\">: opte por um local seguro e que garanta conforto para voc\u00ea e seu beb\u00ea. Pense em uma postura confort\u00e1vel e que n\u00e3o comprometa sua coluna ao pegar a crian\u00e7a;<\/span><\/li>\n<li style=\"font-weight: 400;\" aria-level=\"1\"><b>Escolha a melhor posi\u00e7\u00e3o para amamentar: <\/b><span style=\"font-weight: 400;\">escolha uma posi\u00e7\u00e3o que ambos se sintam confort\u00e1veis. O ideal \u00e9 que a mulher pense na ergonomia e apoio das costas\/corpo, isso pode evitar o cansa\u00e7o extremo.<\/span><\/li>\n<li style=\"font-weight: 400;\" aria-level=\"1\"><b>Ajude o beb\u00ea a pegar corretamente a mama<\/b><span style=\"font-weight: 400;\">: a crian\u00e7a precisa estar com os l\u00e1bios para fora (\u201cboca de peixinho\u201d) e n\u00e3o te machucar ao mamar. Caso contr\u00e1rio, recomece a posi\u00e7\u00e3o.<\/span><\/li>\n<\/ul>\n<p>&nbsp;<\/p>\n<p><span style=\"font-weight: 400;\">Tenha ao seu lado e do seu beb\u00ea a prote\u00e7\u00e3o da maior cooperativa m\u00e9dica do mundo. <\/span><a href=\"https:\/\/conteudos.unimedmaisqueumplano.com.br\/somos-mais-por-voce\"><b>Conhe\u00e7a a Unimed<\/b><\/a><span style=\"font-weight: 400;\"> e garanta sa\u00fade em todas as etapas da vida.<\/span><\/p>\n","protected":false},"excerpt":{"rendered":"<p>Voc\u00ea \u00e9 m\u00e3e de primeira viagem? Confira nossas dicas para tornar a amamenta\u00e7\u00e3o um momento ainda mais especial para voc\u00ea e seu beb\u00ea.<\/p>\n","protected":false},"author":6,"featured_media":316,"comment_status":"closed","ping_status":"open","sticky":false,"template":"","format":"standard","meta":{"footnotes":""},"categories":[3],"Subcategoria":[14],"class_list":["post-304","post","type-post","status-publish","format-standard","has-post-thumbnail","hentry","category-saude-e-bem-estar","Subcategoria-geral"],"yoast_head":"<!-- This site is optimized with the Yoast SEO plugin v25.7 - https:\/\/yoast.com\/wordpress\/plugins\/seo\/ -->\n<title>Mitos e verdades sobre a amamenta\u00e7\u00e3o - Saber \u00e9 +<\/title>\n<meta name=\"description\" content=\"Voc\u00ea \u00e9 m\u00e3e de primeira viagem? Confira nossas dicas para tornar a amamenta\u00e7\u00e3o um momento ainda mais especial para voc\u00ea e seu beb\u00ea.\" \/>\n<meta name=\"robots\" content=\"index, follow, max-snippet:-1, max-image-preview:large, max-video-preview:-1\" \/>\n<link rel=\"canonical\" href=\"https:\/\/unimedmaisqueumplano.com.br\/blog\/saude-e-bem-estar\/amamentacao-mitos-e-verdades\/\" \/>\n<meta property=\"og:locale\" content=\"pt_BR\" \/>\n<meta property=\"og:type\" content=\"article\" \/>\n<meta property=\"og:title\" content=\"Mitos e verdades sobre a amamenta\u00e7\u00e3o - Saber \u00e9 +\" \/>\n<meta property=\"og:description\" content=\"Voc\u00ea \u00e9 m\u00e3e de primeira viagem? Confira nossas dicas para tornar a amamenta\u00e7\u00e3o um momento ainda mais especial para voc\u00ea e seu beb\u00ea.\" \/>\n<meta property=\"og:url\" content=\"https:\/\/unimedmaisqueumplano.com.br\/blog\/saude-e-bem-estar\/amamentacao-mitos-e-verdades\/\" \/>\n<meta property=\"og:site_name\" content=\"Saber \u00e9 +\" \/>\n<meta property=\"article:published_time\" content=\"2022-08-18T20:38:34+00:00\" \/>\n<meta property=\"article:modified_time\" content=\"2022-09-15T19:53:36+00:00\" \/>\n<meta property=\"og:image\" content=\"https:\/\/unimedmaisqueumplano.com.br\/blog\/wp-content\/uploads\/2022\/08\/amamentacao-recem-nascido-2-e1660855971569.jpg\" \/>\n\t<meta property=\"og:image:width\" content=\"1254\" \/>\n\t<meta property=\"og:image:height\" content=\"558\" \/>\n\t<meta property=\"og:image:type\" content=\"image\/jpeg\" \/>\n<meta name=\"author\" content=\"Let\u00edcia Orsso\" \/>\n<meta name=\"twitter:card\" content=\"summary_large_image\" \/>\n<meta name=\"twitter:label1\" content=\"Escrito por\" \/>\n\t<meta name=\"twitter:data1\" content=\"Let\u00edcia Orsso\" \/>\n\t<meta name=\"twitter:label2\" content=\"Est. tempo de leitura\" \/>\n\t<meta name=\"twitter:data2\" content=\"6 minutos\" \/>\n<script type=\"application\/ld+json\" class=\"yoast-schema-graph\">{\"@context\":\"https:\/\/schema.org\",\"@graph\":[{\"@type\":\"Article\",\"@id\":\"https:\/\/unimedmaisqueumplano.com.br\/blog\/saude-e-bem-estar\/amamentacao-mitos-e-verdades\/#article\",\"isPartOf\":{\"@id\":\"https:\/\/unimedmaisqueumplano.com.br\/blog\/saude-e-bem-estar\/amamentacao-mitos-e-verdades\/\"},\"author\":{\"name\":\"Let\u00edcia Orsso\",\"@id\":\"https:\/\/unimedmaisqueumplano.com.br\/blog\/#\/schema\/person\/432421fba40b9ec30b3d7ca2adbb20dd\"},\"headline\":\"Mitos e verdades sobre a amamenta\u00e7\u00e3o\",\"datePublished\":\"2022-08-18T20:38:34+00:00\",\"dateModified\":\"2022-09-15T19:53:36+00:00\",\"mainEntityOfPage\":{\"@id\":\"https:\/\/unimedmaisqueumplano.com.br\/blog\/saude-e-bem-estar\/amamentacao-mitos-e-verdades\/\"},\"wordCount\":1064,\"publisher\":{\"@id\":\"https:\/\/unimedmaisqueumplano.com.br\/blog\/#organization\"},\"image\":{\"@id\":\"https:\/\/unimedmaisqueumplano.com.br\/blog\/saude-e-bem-estar\/amamentacao-mitos-e-verdades\/#primaryimage\"},\"thumbnailUrl\":\"https:\/\/unimedmaisqueumplano.com.br\/blog\/wp-content\/uploads\/2022\/08\/amamentacao-recem-nascido-2-e1660855971569.jpg\",\"articleSection\":[\"Sa\u00fade e Bem-estar\"],\"inLanguage\":\"pt-BR\"},{\"@type\":\"WebPage\",\"@id\":\"https:\/\/unimedmaisqueumplano.com.br\/blog\/saude-e-bem-estar\/amamentacao-mitos-e-verdades\/\",\"url\":\"https:\/\/unimedmaisqueumplano.com.br\/blog\/saude-e-bem-estar\/amamentacao-mitos-e-verdades\/\",\"name\":\"Mitos e verdades sobre a amamenta\u00e7\u00e3o - Saber \u00e9 +\",\"isPartOf\":{\"@id\":\"https:\/\/unimedmaisqueumplano.com.br\/blog\/#website\"},\"primaryImageOfPage\":{\"@id\":\"https:\/\/unimedmaisqueumplano.com.br\/blog\/saude-e-bem-estar\/amamentacao-mitos-e-verdades\/#primaryimage\"},\"image\":{\"@id\":\"https:\/\/unimedmaisqueumplano.com.br\/blog\/saude-e-bem-estar\/amamentacao-mitos-e-verdades\/#primaryimage\"},\"thumbnailUrl\":\"https:\/\/unimedmaisqueumplano.com.br\/blog\/wp-content\/uploads\/2022\/08\/amamentacao-recem-nascido-2-e1660855971569.jpg\",\"datePublished\":\"2022-08-18T20:38:34+00:00\",\"dateModified\":\"2022-09-15T19:53:36+00:00\",\"description\":\"Voc\u00ea \u00e9 m\u00e3e de primeira viagem? Confira nossas dicas para tornar a amamenta\u00e7\u00e3o um momento ainda mais especial para voc\u00ea e seu beb\u00ea.\",\"breadcrumb\":{\"@id\":\"https:\/\/unimedmaisqueumplano.com.br\/blog\/saude-e-bem-estar\/amamentacao-mitos-e-verdades\/#breadcrumb\"},\"inLanguage\":\"pt-BR\",\"potentialAction\":[{\"@type\":\"ReadAction\",\"target\":[\"https:\/\/unimedmaisqueumplano.com.br\/blog\/saude-e-bem-estar\/amamentacao-mitos-e-verdades\/\"]}]},{\"@type\":\"ImageObject\",\"inLanguage\":\"pt-BR\",\"@id\":\"https:\/\/unimedmaisqueumplano.com.br\/blog\/saude-e-bem-estar\/amamentacao-mitos-e-verdades\/#primaryimage\",\"url\":\"https:\/\/unimedmaisqueumplano.com.br\/blog\/wp-content\/uploads\/2022\/08\/amamentacao-recem-nascido-2-e1660855971569.jpg\",\"contentUrl\":\"https:\/\/unimedmaisqueumplano.com.br\/blog\/wp-content\/uploads\/2022\/08\/amamentacao-recem-nascido-2-e1660855971569.jpg\",\"width\":1254,\"height\":558},{\"@type\":\"BreadcrumbList\",\"@id\":\"https:\/\/unimedmaisqueumplano.com.br\/blog\/saude-e-bem-estar\/amamentacao-mitos-e-verdades\/#breadcrumb\",\"itemListElement\":[{\"@type\":\"ListItem\",\"position\":1,\"name\":\"In\u00edcio\",\"item\":\"https:\/\/unimedmaisqueumplano.com.br\/blog\/\"},{\"@type\":\"ListItem\",\"position\":2,\"name\":\"Mitos e verdades sobre a amamenta\u00e7\u00e3o\"}]},{\"@type\":\"WebSite\",\"@id\":\"https:\/\/unimedmaisqueumplano.com.br\/blog\/#website\",\"url\":\"https:\/\/unimedmaisqueumplano.com.br\/blog\/\",\"name\":\"Saber \u00e9 +\",\"description\":\"Somos mais por voc\u00ea!\",\"publisher\":{\"@id\":\"https:\/\/unimedmaisqueumplano.com.br\/blog\/#organization\"},\"potentialAction\":[{\"@type\":\"SearchAction\",\"target\":{\"@type\":\"EntryPoint\",\"urlTemplate\":\"https:\/\/unimedmaisqueumplano.com.br\/blog\/?s={search_term_string}\"},\"query-input\":{\"@type\":\"PropertyValueSpecification\",\"valueRequired\":true,\"valueName\":\"search_term_string\"}}],\"inLanguage\":\"pt-BR\"},{\"@type\":\"Organization\",\"@id\":\"https:\/\/unimedmaisqueumplano.com.br\/blog\/#organization\",\"name\":\"Unimed Santa Catarina\",\"url\":\"https:\/\/unimedmaisqueumplano.com.br\/blog\/\",\"logo\":{\"@type\":\"ImageObject\",\"inLanguage\":\"pt-BR\",\"@id\":\"https:\/\/unimedmaisqueumplano.com.br\/blog\/#\/schema\/logo\/image\/\",\"url\":\"https:\/\/unimedmaisqueumplano.com.br\/blog\/wp-content\/uploads\/2022\/07\/logo.png\",\"contentUrl\":\"https:\/\/unimedmaisqueumplano.com.br\/blog\/wp-content\/uploads\/2022\/07\/logo.png\",\"width\":145,\"height\":53,\"caption\":\"Unimed Santa Catarina\"},\"image\":{\"@id\":\"https:\/\/unimedmaisqueumplano.com.br\/blog\/#\/schema\/logo\/image\/\"}},{\"@type\":\"Person\",\"@id\":\"https:\/\/unimedmaisqueumplano.com.br\/blog\/#\/schema\/person\/432421fba40b9ec30b3d7ca2adbb20dd\",\"name\":\"Let\u00edcia Orsso\",\"image\":{\"@type\":\"ImageObject\",\"inLanguage\":\"pt-BR\",\"@id\":\"https:\/\/unimedmaisqueumplano.com.br\/blog\/#\/schema\/person\/image\/\",\"url\":\"https:\/\/secure.gravatar.com\/avatar\/be4d63120aca49dbf27a645051a67bf3e849871713a5f5aa4759b114a4b732bf?s=96&d=mm&r=g\",\"contentUrl\":\"https:\/\/secure.gravatar.com\/avatar\/be4d63120aca49dbf27a645051a67bf3e849871713a5f5aa4759b114a4b732bf?s=96&d=mm&r=g\",\"caption\":\"Let\u00edcia Orsso\"},\"url\":\"https:\/\/unimedmaisqueumplano.com.br\/blog\/author\/leticia-orsso\/\"}]}<\/script>\n<!-- \/ Yoast SEO plugin. -->","yoast_head_json":{"title":"Mitos e verdades sobre a amamenta\u00e7\u00e3o - Saber \u00e9 +","description":"Voc\u00ea \u00e9 m\u00e3e de primeira viagem? Confira nossas dicas para tornar a amamenta\u00e7\u00e3o um momento ainda mais especial para voc\u00ea e seu beb\u00ea.","robots":{"index":"index","follow":"follow","max-snippet":"max-snippet:-1","max-image-preview":"max-image-preview:large","max-video-preview":"max-video-preview:-1"},"canonical":"https:\/\/unimedmaisqueumplano.com.br\/blog\/saude-e-bem-estar\/amamentacao-mitos-e-verdades\/","og_locale":"pt_BR","og_type":"article","og_title":"Mitos e verdades sobre a amamenta\u00e7\u00e3o - Saber \u00e9 +","og_description":"Voc\u00ea \u00e9 m\u00e3e de primeira viagem? Confira nossas dicas para tornar a amamenta\u00e7\u00e3o um momento ainda mais especial para voc\u00ea e seu beb\u00ea.","og_url":"https:\/\/unimedmaisqueumplano.com.br\/blog\/saude-e-bem-estar\/amamentacao-mitos-e-verdades\/","og_site_name":"Saber \u00e9 +","article_published_time":"2022-08-18T20:38:34+00:00","article_modified_time":"2022-09-15T19:53:36+00:00","og_image":[{"width":1254,"height":558,"url":"https:\/\/unimedmaisqueumplano.com.br\/blog\/wp-content\/uploads\/2022\/08\/amamentacao-recem-nascido-2-e1660855971569.jpg","type":"image\/jpeg"}],"author":"Let\u00edcia Orsso","twitter_card":"summary_large_image","twitter_misc":{"Escrito por":"Let\u00edcia Orsso","Est. tempo de leitura":"6 minutos"},"schema":{"@context":"https:\/\/schema.org","@graph":[{"@type":"Article","@id":"https:\/\/unimedmaisqueumplano.com.br\/blog\/saude-e-bem-estar\/amamentacao-mitos-e-verdades\/#article","isPartOf":{"@id":"https:\/\/unimedmaisqueumplano.com.br\/blog\/saude-e-bem-estar\/amamentacao-mitos-e-verdades\/"},"author":{"name":"Let\u00edcia Orsso","@id":"https:\/\/unimedmaisqueumplano.com.br\/blog\/#\/schema\/person\/432421fba40b9ec30b3d7ca2adbb20dd"},"headline":"Mitos e verdades sobre a amamenta\u00e7\u00e3o","datePublished":"2022-08-18T20:38:34+00:00","dateModified":"2022-09-15T19:53:36+00:00","mainEntityOfPage":{"@id":"https:\/\/unimedmaisqueumplano.com.br\/blog\/saude-e-bem-estar\/amamentacao-mitos-e-verdades\/"},"wordCount":1064,"publisher":{"@id":"https:\/\/unimedmaisqueumplano.com.br\/blog\/#organization"},"image":{"@id":"https:\/\/unimedmaisqueumplano.com.br\/blog\/saude-e-bem-estar\/amamentacao-mitos-e-verdades\/#primaryimage"},"thumbnailUrl":"https:\/\/unimedmaisqueumplano.com.br\/blog\/wp-content\/uploads\/2022\/08\/amamentacao-recem-nascido-2-e1660855971569.jpg","articleSection":["Sa\u00fade e Bem-estar"],"inLanguage":"pt-BR"},{"@type":"WebPage","@id":"https:\/\/unimedmaisqueumplano.com.br\/blog\/saude-e-bem-estar\/amamentacao-mitos-e-verdades\/","url":"https:\/\/unimedmaisqueumplano.com.br\/blog\/saude-e-bem-estar\/amamentacao-mitos-e-verdades\/","name":"Mitos e verdades sobre a amamenta\u00e7\u00e3o - Saber \u00e9 +","isPartOf":{"@id":"https:\/\/unimedmaisqueumplano.com.br\/blog\/#website"},"primaryImageOfPage":{"@id":"https:\/\/unimedmaisqueumplano.com.br\/blog\/saude-e-bem-estar\/amamentacao-mitos-e-verdades\/#primaryimage"},"image":{"@id":"https:\/\/unimedmaisqueumplano.com.br\/blog\/saude-e-bem-estar\/amamentacao-mitos-e-verdades\/#primaryimage"},"thumbnailUrl":"https:\/\/unimedmaisqueumplano.com.br\/blog\/wp-content\/uploads\/2022\/08\/amamentacao-recem-nascido-2-e1660855971569.jpg","datePublished":"2022-08-18T20:38:34+00:00","dateModified":"2022-09-15T19:53:36+00:00","description":"Voc\u00ea \u00e9 m\u00e3e de primeira viagem? Confira nossas dicas para tornar a amamenta\u00e7\u00e3o um momento ainda mais especial para voc\u00ea e seu beb\u00ea.","breadcrumb":{"@id":"https:\/\/unimedmaisqueumplano.com.br\/blog\/saude-e-bem-estar\/amamentacao-mitos-e-verdades\/#breadcrumb"},"inLanguage":"pt-BR","potentialAction":[{"@type":"ReadAction","target":["https:\/\/unimedmaisqueumplano.com.br\/blog\/saude-e-bem-estar\/amamentacao-mitos-e-verdades\/"]}]},{"@type":"ImageObject","inLanguage":"pt-BR","@id":"https:\/\/unimedmaisqueumplano.com.br\/blog\/saude-e-bem-estar\/amamentacao-mitos-e-verdades\/#primaryimage","url":"https:\/\/unimedmaisqueumplano.com.br\/blog\/wp-content\/uploads\/2022\/08\/amamentacao-recem-nascido-2-e1660855971569.jpg","contentUrl":"https:\/\/unimedmaisqueumplano.com.br\/blog\/wp-content\/uploads\/2022\/08\/amamentacao-recem-nascido-2-e1660855971569.jpg","width":1254,"height":558},{"@type":"BreadcrumbList","@id":"https:\/\/unimedmaisqueumplano.com.br\/blog\/saude-e-bem-estar\/amamentacao-mitos-e-verdades\/#breadcrumb","itemListElement":[{"@type":"ListItem","position":1,"name":"In\u00edcio","item":"https:\/\/unimedmaisqueumplano.com.br\/blog\/"},{"@type":"ListItem","position":2,"name":"Mitos e verdades sobre a amamenta\u00e7\u00e3o"}]},{"@type":"WebSite","@id":"https:\/\/unimedmaisqueumplano.com.br\/blog\/#website","url":"https:\/\/unimedmaisqueumplano.com.br\/blog\/","name":"Saber \u00e9 +","description":"Somos mais por voc\u00ea!","publisher":{"@id":"https:\/\/unimedmaisqueumplano.com.br\/blog\/#organization"},"potentialAction":[{"@type":"SearchAction","target":{"@type":"EntryPoint","urlTemplate":"https:\/\/unimedmaisqueumplano.com.br\/blog\/?s={search_term_string}"},"query-input":{"@type":"PropertyValueSpecification","valueRequired":true,"valueName":"search_term_string"}}],"inLanguage":"pt-BR"},{"@type":"Organization","@id":"https:\/\/unimedmaisqueumplano.com.br\/blog\/#organization","name":"Unimed Santa Catarina","url":"https:\/\/unimedmaisqueumplano.com.br\/blog\/","logo":{"@type":"ImageObject","inLanguage":"pt-BR","@id":"https:\/\/unimedmaisqueumplano.com.br\/blog\/#\/schema\/logo\/image\/","url":"https:\/\/unimedmaisqueumplano.com.br\/blog\/wp-content\/uploads\/2022\/07\/logo.png","contentUrl":"https:\/\/unimedmaisqueumplano.com.br\/blog\/wp-content\/uploads\/2022\/07\/logo.png","width":145,"height":53,"caption":"Unimed Santa Catarina"},"image":{"@id":"https:\/\/unimedmaisqueumplano.com.br\/blog\/#\/schema\/logo\/image\/"}},{"@type":"Person","@id":"https:\/\/unimedmaisqueumplano.com.br\/blog\/#\/schema\/person\/432421fba40b9ec30b3d7ca2adbb20dd","name":"Let\u00edcia Orsso","image":{"@type":"ImageObject","inLanguage":"pt-BR","@id":"https:\/\/unimedmaisqueumplano.com.br\/blog\/#\/schema\/person\/image\/","url":"https:\/\/secure.gravatar.com\/avatar\/be4d63120aca49dbf27a645051a67bf3e849871713a5f5aa4759b114a4b732bf?s=96&d=mm&r=g","contentUrl":"https:\/\/secure.gravatar.com\/avatar\/be4d63120aca49dbf27a645051a67bf3e849871713a5f5aa4759b114a4b732bf?s=96&d=mm&r=g","caption":"Let\u00edcia Orsso"},"url":"https:\/\/unimedmaisqueumplano.com.br\/blog\/author\/leticia-orsso\/"}]}},"_links":{"self":[{"href":"https:\/\/unimedmaisqueumplano.com.br\/blog\/wp-json\/wp\/v2\/posts\/304","targetHints":{"allow":["GET"]}}],"collection":[{"href":"https:\/\/unimedmaisqueumplano.com.br\/blog\/wp-json\/wp\/v2\/posts"}],"about":[{"href":"https:\/\/unimedmaisqueumplano.com.br\/blog\/wp-json\/wp\/v2\/types\/post"}],"author":[{"embeddable":true,"href":"https:\/\/unimedmaisqueumplano.com.br\/blog\/wp-json\/wp\/v2\/users\/6"}],"replies":[{"embeddable":true,"href":"https:\/\/unimedmaisqueumplano.com.br\/blog\/wp-json\/wp\/v2\/comments?post=304"}],"version-history":[{"count":9,"href":"https:\/\/unimedmaisqueumplano.com.br\/blog\/wp-json\/wp\/v2\/posts\/304\/revisions"}],"predecessor-version":[{"id":342,"href":"https:\/\/unimedmaisqueumplano.com.br\/blog\/wp-json\/wp\/v2\/posts\/304\/revisions\/342"}],"wp:featuredmedia":[{"embeddable":true,"href":"https:\/\/unimedmaisqueumplano.com.br\/blog\/wp-json\/wp\/v2\/media\/316"}],"wp:attachment":[{"href":"https:\/\/unimedmaisqueumplano.com.br\/blog\/wp-json\/wp\/v2\/media?parent=304"}],"wp:term":[{"taxonomy":"category","embeddable":true,"href":"https:\/\/unimedmaisqueumplano.com.br\/blog\/wp-json\/wp\/v2\/categories?post=304"},{"taxonomy":"Subcategoria","embeddable":true,"href":"https:\/\/unimedmaisqueumplano.com.br\/blog\/wp-json\/wp\/v2\/Subcategoria?post=304"}],"curies":[{"name":"wp","href":"https:\/\/api.w.org\/{rel}","templated":true}]}}